{"id":38,"date":"2013-02-13T13:04:27","date_gmt":"2013-02-13T11:04:27","guid":{"rendered":"http:\/\/www.wildfoerster.net\/?p=38"},"modified":"2016-01-31T14:50:56","modified_gmt":"2016-01-31T12:50:56","slug":"werkverzeichnis","status":"publish","type":"post","link":"https:\/\/www.wildfoerster.net\/?p=38","title":{"rendered":"&#8222;Landschaft&#8220;"},"content":{"rendered":"<p><a href=\"http:\/\/www.wildfoerster.net\/wp-content\/uploads\/2013\/02\/webJohannes-Itten-.jpg\"><span class=\"Apple-style-span\" style=\"font-family: 'Helvetica Neue', Helvetica, Arial, 'Nimbus Sans L', sans-serif;\"><br \/>\n<img loading=\"lazy\" decoding=\"async\" class=\" wp-image-58 alignleft\" alt=\"Zitat Johannes Itten \" src=\"http:\/\/www.wildfoerster.net\/wp-content\/uploads\/2013\/02\/webJohannes-Itten--300x211.jpg\" width=\"300\" height=\"211\" srcset=\"https:\/\/www.wildfoerster.net\/wp-content\/uploads\/2013\/02\/webJohannes-Itten--300x211.jpg 300w, https:\/\/www.wildfoerster.net\/wp-content\/uploads\/2013\/02\/webJohannes-Itten--1024x723.jpg 1024w, https:\/\/www.wildfoerster.net\/wp-content\/uploads\/2013\/02\/webJohannes-Itten--424x300.jpg 424w, https:\/\/www.wildfoerster.net\/wp-content\/uploads\/2013\/02\/webJohannes-Itten-.jpg 1046w\" sizes=\"auto, (max-width: 300px) 100vw, 300px\" \/><\/span><\/a><\/p>\n<p>&nbsp;<\/p>\n<p>&nbsp;<\/p>\n<p><span style=\"color: #888888;\">Zitat Johannes Itten<\/span><\/p>\n<p>&nbsp;<\/p>\n<p>&nbsp;<\/p>\n<p>&nbsp;<\/p>\n<p><span class=\"Apple-style-span\" style=\"font-family: 'Helvetica Neue', Helvetica, Arial, 'Nimbus Sans L', sans-serif;\"><span class=\"Apple-style-span\" style=\"color: #888888; font-family: 'Helvetica Neue', Helvetica, Arial, sans-serif;\"><strong style=\"color: inherit; font: normal normal normal 15px\/normal 'Helvetica Neue', Helvetica, Arial, sans-serif; font-style: inherit; font-weight: bold; line-height: 1.625;\">Die vielf\u00e4ltigen Schattierungen der Graut\u00f6ne, die in unterschiedlichen Lichtstimmungen immer wieder anders erscheinen, sind ein Thema meiner k\u00fcnstlerischen Arbeit. Auf meinen Reisen durch St\u00e4dte und Landschaften halte ich mit der Fotografie die \u201cgrauen Stimmungen\u201d f\u00fcr meine anschlie\u00dfende Malerei fest. Meine letzte Arbeit \u201d Landschaft\u201d besteht aus 170 verschiedenen Graut\u00f6nen mit \u00d6lfarbe auf Papier gemalt.<\/strong><\/span><\/span><\/p>\n<div><\/div>\n<p>&nbsp;<\/p>\n<p><span style=\"color: #888888;\"><a href=\"http:\/\/www.wildfoerster.net\/wp-content\/uploads\/2013\/02\/webLandschaftneu-Atelieransicht.jpg\"><span class=\"Apple-style-span\" style=\"color: #333333; font-family: 'Helvetica Neue', Helvetica, Arial, 'Nimbus Sans L', sans-serif;\"><img loading=\"lazy\" decoding=\"async\" class=\"wp-image-624 alignleft\" alt=\"webLandschaft,neu-Atelieransicht\" src=\"http:\/\/www.wildfoerster.net\/wp-content\/uploads\/2013\/02\/webLandschaftneu-Atelieransicht-1024x680.jpg\" width=\"336\" height=\"223\" srcset=\"https:\/\/www.wildfoerster.net\/wp-content\/uploads\/2013\/02\/webLandschaftneu-Atelieransicht-1024x680.jpg 1024w, https:\/\/www.wildfoerster.net\/wp-content\/uploads\/2013\/02\/webLandschaftneu-Atelieransicht-300x199.jpg 300w, https:\/\/www.wildfoerster.net\/wp-content\/uploads\/2013\/02\/webLandschaftneu-Atelieransicht-451x300.jpg 451w\" sizes=\"auto, (max-width: 336px) 100vw, 336px\" \/><\/span><\/a><\/span><\/p>\n<p>&nbsp;<\/p>\n<p>&nbsp;<\/p>\n<p><span style=\"color: #888888;\">\u201d Landschaft \u201c, \u00a0 \u00a0 \u00a0 \u00a0 \u00a0 \u00a0 \u00a0 \u00a0 \u00a0 \u00a0 \u00a0 \u00a0 \u00a0 \u00a02012, \u00d6lfarbe auf Papier, \u00a0 \u00a0 \u00a0 \u00a0 \u00a0170 Bl\u00e4tter je 25 x 20 cm, \u00a0 \u00a0 Gesamtgr\u00f6\u00dfe 250 x 340 cm\u00a0<\/span><\/p>\n<p>&nbsp;<\/p>\n<div><span style=\"color: #888888;\">\u00a0<\/span><\/div>\n<p><a href=\"http:\/\/www.wildfoerster.net\/wp-content\/uploads\/2013\/02\/webGrau-Foto-DSC-00070.jpg\"><img loading=\"lazy\" decoding=\"async\" class=\" wp-image-44 alignleft\" alt=\"Arbeitsunterlage\" src=\"http:\/\/www.wildfoerster.net\/wp-content\/uploads\/2013\/02\/webGrau-Foto-DSC-00070-300x240.jpg\" width=\"210\" height=\"168\" srcset=\"https:\/\/www.wildfoerster.net\/wp-content\/uploads\/2013\/02\/webGrau-Foto-DSC-00070-300x240.jpg 300w, https:\/\/www.wildfoerster.net\/wp-content\/uploads\/2013\/02\/webGrau-Foto-DSC-00070-1024x819.jpg 1024w, https:\/\/www.wildfoerster.net\/wp-content\/uploads\/2013\/02\/webGrau-Foto-DSC-00070-374x300.jpg 374w, https:\/\/www.wildfoerster.net\/wp-content\/uploads\/2013\/02\/webGrau-Foto-DSC-00070.jpg 1966w\" sizes=\"auto, (max-width: 210px) 100vw, 210px\" \/><\/a><\/p>\n<p>&nbsp;<\/p>\n<p>&nbsp;<\/p>\n<p>&nbsp;<\/p>\n<p><span style=\"color: #888888;\">3 Beispiele von 18 Arbeitsbl\u00e4ttern, Fotografie auf Karton, \u00d6lfarbe und Graphit, je 20 x 25 cm\u00a0<\/span><\/p>\n<p><a href=\"http:\/\/www.wildfoerster.net\/wp-content\/uploads\/2013\/02\/webGrau-Foto-DSC-09894.jpg\"><img loading=\"lazy\" decoding=\"async\" class=\"wp-image-45 alignleft\" alt=\"Arbeitsunterlage\" src=\"http:\/\/www.wildfoerster.net\/wp-content\/uploads\/2013\/02\/webGrau-Foto-DSC-09894-300x240.jpg\" width=\"210\" height=\"168\" srcset=\"https:\/\/www.wildfoerster.net\/wp-content\/uploads\/2013\/02\/webGrau-Foto-DSC-09894-300x240.jpg 300w, https:\/\/www.wildfoerster.net\/wp-content\/uploads\/2013\/02\/webGrau-Foto-DSC-09894-1024x821.jpg 1024w, https:\/\/www.wildfoerster.net\/wp-content\/uploads\/2013\/02\/webGrau-Foto-DSC-09894-373x300.jpg 373w, https:\/\/www.wildfoerster.net\/wp-content\/uploads\/2013\/02\/webGrau-Foto-DSC-09894.jpg 1961w\" sizes=\"auto, (max-width: 210px) 100vw, 210px\" \/><\/a><a href=\"http:\/\/www.wildfoerster.net\/wp-content\/uploads\/2013\/02\/webGrau-Foto-DSC-0306.jpg\"><img loading=\"lazy\" decoding=\"async\" class=\" wp-image-37 alignleft\" alt=\"Arbeistblatt\" src=\"http:\/\/www.wildfoerster.net\/wp-content\/uploads\/2013\/02\/webGrau-Foto-DSC-0306-300x239.jpg\" width=\"210\" height=\"167\" srcset=\"https:\/\/www.wildfoerster.net\/wp-content\/uploads\/2013\/02\/webGrau-Foto-DSC-0306-300x239.jpg 300w, https:\/\/www.wildfoerster.net\/wp-content\/uploads\/2013\/02\/webGrau-Foto-DSC-0306-1024x818.jpg 1024w, https:\/\/www.wildfoerster.net\/wp-content\/uploads\/2013\/02\/webGrau-Foto-DSC-0306-375x300.jpg 375w, https:\/\/www.wildfoerster.net\/wp-content\/uploads\/2013\/02\/webGrau-Foto-DSC-0306.jpg 1960w\" sizes=\"auto, (max-width: 210px) 100vw, 210px\" \/><\/a><\/p>\n<p>&nbsp;<\/p>\n<p>&nbsp;<\/p>\n<p>&nbsp;<\/p>\n<p>&nbsp;<\/p>\n<p>&nbsp;<\/p>\n<p>&nbsp;<\/p>\n<p><span style=\"color: #888888;\">\u00a0<\/span><\/p>\n","protected":false},"excerpt":{"rendered":"<p>&nbsp; &nbsp; Zitat Johannes Itten &nbsp; &nbsp; &nbsp; Die vielf\u00e4ltigen Schattierungen der Graut\u00f6ne, die in unterschiedlichen Lichtstimmungen immer wieder anders erscheinen, sind ein Thema meiner k\u00fcnstlerischen Arbeit. Auf meinen Reisen durch St\u00e4dte und Landschaften halte ich mit der Fotografie die &hellip; <a href=\"https:\/\/www.wildfoerster.net\/?p=38\">Weiterlesen <span class=\"meta-nav\">&rarr;<\/span><\/a><\/p>\n","protected":false},"author":1,"featured_media":498,"comment_status":"open","ping_status":"open","sticky":false,"template":"","format":"standard","meta":{"footnotes":""},"categories":[19],"tags":[],"class_list":["post-38","post","type-post","status-publish","format-standard","has-post-thumbnail","hentry","category-malerei-2"],"_links":{"self":[{"href":"https:\/\/www.wildfoerster.net\/index.php?rest_route=\/wp\/v2\/posts\/38","targetHints":{"allow":["GET"]}}],"collection":[{"href":"https:\/\/www.wildfoerster.net\/index.php?rest_route=\/wp\/v2\/posts"}],"about":[{"href":"https:\/\/www.wildfoerster.net\/index.php?rest_route=\/wp\/v2\/types\/post"}],"author":[{"embeddable":true,"href":"https:\/\/www.wildfoerster.net\/index.php?rest_route=\/wp\/v2\/users\/1"}],"replies":[{"embeddable":true,"href":"https:\/\/www.wildfoerster.net\/index.php?rest_route=%2Fwp%2Fv2%2Fcomments&post=38"}],"version-history":[{"count":41,"href":"https:\/\/www.wildfoerster.net\/index.php?rest_route=\/wp\/v2\/posts\/38\/revisions"}],"predecessor-version":[{"id":798,"href":"https:\/\/www.wildfoerster.net\/index.php?rest_route=\/wp\/v2\/posts\/38\/revisions\/798"}],"wp:featuredmedia":[{"embeddable":true,"href":"https:\/\/www.wildfoerster.net\/index.php?rest_route=\/wp\/v2\/media\/498"}],"wp:attachment":[{"href":"https:\/\/www.wildfoerster.net\/index.php?rest_route=%2Fwp%2Fv2%2Fmedia&parent=38"}],"wp:term":[{"taxonomy":"category","embeddable":true,"href":"https:\/\/www.wildfoerster.net\/index.php?rest_route=%2Fwp%2Fv2%2Fcategories&post=38"},{"taxonomy":"post_tag","embeddable":true,"href":"https:\/\/www.wildfoerster.net\/index.php?rest_route=%2Fwp%2Fv2%2Ftags&post=38"}],"curies":[{"name":"wp","href":"https:\/\/api.w.org\/{rel}","templated":true}]}}